{"id":2095,"date":"2026-06-02T14:50:11","date_gmt":"2026-06-02T12:50:11","guid":{"rendered":"https:\/\/kultur-in-hardegsen.de\/?p=2095"},"modified":"2026-09-02T19:00:40","modified_gmt":"2026-09-02T17:00:40","slug":"puppentheater","status":"publish","type":"post","link":"https:\/\/kultur-in-hardegsen.de\/?p=2095","title":{"rendered":"Puppentheater"},"content":{"rendered":"\t\t<div data-elementor-type=\"wp-post\" data-elementor-id=\"2095\" class=\"elementor elementor-2095\" data-elementor-post-type=\"post\">\n\t\t\t\t<div class=\"elementor-element elementor-element-410db5aa e-flex e-con-boxed e-con e-parent\" data-id=\"410db5aa\" data-element_type=\"container\" data-e-type=\"container\" data-settings=\"{&quot;jet_parallax_layout_list&quot;:[]}\">\n\t\t\t\t\t<div class=\"e-con-inner\">\n\t\t<div class=\"elementor-element elementor-element-5ff765e4 e-con-full e-flex e-con e-child\" data-id=\"5ff765e4\" data-element_type=\"container\" data-e-type=\"container\" data-settings=\"{&quot;jet_parallax_layout_list&quot;:[]}\">\n\t\t\t\t<div class=\"elementor-element elementor-element-36771d9a elementor-widget elementor-widget-heading\" data-id=\"36771d9a\" data-element_type=\"widget\" data-e-type=\"widget\" data-widget_type=\"heading.default\">\n\t\t\t\t<div class=\"elementor-widget-container\">\n\t\t\t\t\t<h2 class=\"elementor-heading-title elementor-size-default\">29. Oktober<br>\n10:30 Uhr<\/h2>\t\t\t\t<\/div>\n\t\t\t\t<\/div>\n\t\t\t\t<div class=\"elementor-element elementor-element-45eab885 elementor-widget elementor-widget-heading\" data-id=\"45eab885\" data-element_type=\"widget\" data-e-type=\"widget\" data-widget_type=\"heading.default\">\n\t\t\t\t<div class=\"elementor-widget-container\">\n\t\t\t\t\t<h2 class=\"elementor-heading-title elementor-size-default\">im Muthaussaal<\/h2>\t\t\t\t<\/div>\n\t\t\t\t<\/div>\n\t\t\t\t<\/div>\n\t\t<div class=\"elementor-element elementor-element-78727314 e-con-full e-flex e-con e-child\" data-id=\"78727314\" data-element_type=\"container\" data-e-type=\"container\" data-settings=\"{&quot;jet_parallax_layout_list&quot;:[]}\">\n\t\t\t\t<div class=\"elementor-element elementor-element-607534c5 elementor-widget elementor-widget-heading\" data-id=\"607534c5\" data-element_type=\"widget\" data-e-type=\"widget\" data-widget_type=\"heading.default\">\n\t\t\t\t<div class=\"elementor-widget-container\">\n\t\t\t\t\t<h2 class=\"elementor-heading-title elementor-size-default\">Buchfink-Theater <br>             \"Hintert\u00fcrgeschichetn\"<\/h2>\t\t\t\t<\/div>\n\t\t\t\t<\/div>\n\t\t\t\t<div class=\"elementor-element elementor-element-76863935 elementor-widget elementor-widget-text-editor\" data-id=\"76863935\" data-element_type=\"widget\" data-e-type=\"widget\" data-widget_type=\"text-editor.default\">\n\t\t\t\t<div class=\"elementor-widget-container\">\n\t\t\t\t\t\t\t\t\t<p>Kuscheltierische Abenteuer<\/p>\t\t\t\t\t\t\t\t<\/div>\n\t\t\t\t<\/div>\n\t\t\t\t<\/div>\n\t\t\t\t\t<\/div>\n\t\t\t\t<\/div>\n\t\t<div class=\"elementor-element elementor-element-1f5ff809 e-flex e-con-boxed e-con e-parent\" data-id=\"1f5ff809\" data-element_type=\"container\" data-e-type=\"container\" data-settings=\"{&quot;jet_parallax_layout_list&quot;:[]}\">\n\t\t\t\t\t<div class=\"e-con-inner\">\n\t\t<div class=\"elementor-element elementor-element-218e582 e-con-full e-flex e-con e-child\" data-id=\"218e582\" data-element_type=\"container\" data-e-type=\"container\" data-settings=\"{&quot;jet_parallax_layout_list&quot;:[]}\">\n\t\t\t\t<div class=\"elementor-element elementor-element-20882e10 elementor-widget elementor-widget-text-editor\" data-id=\"20882e10\" data-element_type=\"widget\" data-e-type=\"widget\" data-widget_type=\"text-editor.default\">\n\t\t\t\t<div class=\"elementor-widget-container\">\n\t\t\t\t\t\t\t\t\t<p>Ach wie oft geraten unsere Gef\u00fchle durcheinander \u2026 mir geht es h\u00e4ufig so. Dann streitet sich der linke Fu\u00df mit dem rechten, mir ist hinten kalt und vorne hei\u00df und mein Kopf ist w\u00fctend w\u00e4hrend der Bauch Angst kriegt &#8230; Dann sperr ich mich immer selbst in meinen Garten ein und ich darf erst wieder rauskommen, wenn ich mich beruhigt habe. Aber zum Gl\u00fcck habe ich dort meine Kuscheltiere. Mit denen erlebe ich die tollsten Geschichten: Von einem ewig hoppelnden Hasenm\u00e4dchen, von einem sch\u00fcchternen kleinen Hund, der trotz Angst seine Freunde rettet, von einer kleinen Eule die nicht fliegen kann oder von Percy Maus, der mit Zahnstocher und Rosendornen bewaffnet ein Ritterturnier gewinnt.<\/p>\t\t\t\t\t\t\t\t<\/div>\n\t\t\t\t<\/div>\n\t\t\t\t<\/div>\n\t\t<div class=\"elementor-element elementor-element-2ce2bd29 e-con-full e-flex e-con e-child\" data-id=\"2ce2bd29\" data-element_type=\"container\" data-e-type=\"container\" data-settings=\"{&quot;jet_parallax_layout_list&quot;:[]}\">\n\t\t\t\t<div class=\"elementor-element elementor-element-1732056e elementor-widget elementor-widget-image\" data-id=\"1732056e\" data-element_type=\"widget\" data-e-type=\"widget\" data-widget_type=\"image.default\">\n\t\t\t\t<div class=\"elementor-widget-container\">\n\t\t\t\t\t\t\t\t\t\t\t\t\t\t\t<img decoding=\"async\" src=\"https:\/\/kultur-in-hardegsen.de\/wp-content\/uploads\/2026\/08\/Plakat.jpg\" title=\"Plakat\" alt=\"Plakat\" loading=\"lazy\" \/>\t\t\t\t\t\t\t\t\t\t\t\t\t\t\t<\/div>\n\t\t\t\t<\/div>\n\t\t\t\t<\/div>\n\t\t\t\t\t<\/div>\n\t\t\t\t<\/div>\n\t\t<div class=\"elementor-element elementor-element-5523206 e-flex e-con-boxed e-con e-parent\" data-id=\"5523206\" data-element_type=\"container\" data-e-type=\"container\" data-settings=\"{&quot;jet_parallax_layout_list&quot;:[]}\">\n\t\t\t\t\t<div class=\"e-con-inner\">\n\t\t<div class=\"elementor-element elementor-element-bf6ebfa e-con-full e-flex e-con e-child\" data-id=\"bf6ebfa\" data-element_type=\"container\" data-e-type=\"container\" data-settings=\"{&quot;jet_parallax_layout_list&quot;:[]}\">\n\t\t\t\t<div class=\"elementor-element elementor-element-1d869be elementor-widget elementor-widget-image\" data-id=\"1d869be\" data-element_type=\"widget\" data-e-type=\"widget\" data-widget_type=\"image.default\">\n\t\t\t\t<div class=\"elementor-widget-container\">\n\t\t\t\t\t\t\t\t\t\t\t\t\t\t\t<img fetchpriority=\"high\" decoding=\"async\" width=\"800\" height=\"600\" src=\"https:\/\/kultur-in-hardegsen.de\/wp-content\/uploads\/2026\/06\/5.jpg\" class=\"attachment-large size-large wp-image-2187\" alt=\"\" srcset=\"https:\/\/kultur-in-hardegsen.de\/wp-content\/uploads\/2026\/06\/5.jpg 827w, https:\/\/kultur-in-hardegsen.de\/wp-content\/uploads\/2026\/06\/5-300x225.jpg 300w, https:\/\/kultur-in-hardegsen.de\/wp-content\/uploads\/2026\/06\/5-768x576.jpg 768w\" sizes=\"(max-width: 800px) 100vw, 800px\" \/>\t\t\t\t\t\t\t\t\t\t\t\t\t\t\t<\/div>\n\t\t\t\t<\/div>\n\t\t\t\t<\/div>\n\t\t<div class=\"elementor-element elementor-element-c7c9c39 e-con-full e-flex e-con e-child\" data-id=\"c7c9c39\" data-element_type=\"container\" data-e-type=\"container\" data-settings=\"{&quot;jet_parallax_layout_list&quot;:[]}\">\n\t\t\t\t<div class=\"elementor-element elementor-element-1e8e98c elementor-widget elementor-widget-image\" data-id=\"1e8e98c\" data-element_type=\"widget\" data-e-type=\"widget\" data-widget_type=\"image.default\">\n\t\t\t\t<div class=\"elementor-widget-container\">\n\t\t\t\t\t\t\t\t\t\t\t\t\t\t\t<img decoding=\"async\" width=\"800\" height=\"600\" src=\"https:\/\/kultur-in-hardegsen.de\/wp-content\/uploads\/2026\/06\/6.jpg\" class=\"attachment-large size-large wp-image-2186\" alt=\"\" srcset=\"https:\/\/kultur-in-hardegsen.de\/wp-content\/uploads\/2026\/06\/6.jpg 827w, https:\/\/kultur-in-hardegsen.de\/wp-content\/uploads\/2026\/06\/6-300x225.jpg 300w, https:\/\/kultur-in-hardegsen.de\/wp-content\/uploads\/2026\/06\/6-768x576.jpg 768w\" sizes=\"(max-width: 800px) 100vw, 800px\" \/>\t\t\t\t\t\t\t\t\t\t\t\t\t\t\t<\/div>\n\t\t\t\t<\/div>\n\t\t\t\t<\/div>\n\t\t<div class=\"elementor-element elementor-element-393f425 e-con-full e-flex e-con e-child\" data-id=\"393f425\" data-element_type=\"container\" data-e-type=\"container\" data-settings=\"{&quot;jet_parallax_layout_list&quot;:[]}\">\n\t\t\t\t<div class=\"elementor-element elementor-element-7e58886 elementor-widget elementor-widget-image\" data-id=\"7e58886\" data-element_type=\"widget\" data-e-type=\"widget\" data-widget_type=\"image.default\">\n\t\t\t\t<div class=\"elementor-widget-container\">\n\t\t\t\t\t\t\t\t\t\t\t\t\t\t\t<img decoding=\"async\" width=\"800\" height=\"600\" src=\"https:\/\/kultur-in-hardegsen.de\/wp-content\/uploads\/2026\/06\/4.jpg\" class=\"attachment-large size-large wp-image-2188\" alt=\"\" srcset=\"https:\/\/kultur-in-hardegsen.de\/wp-content\/uploads\/2026\/06\/4.jpg 827w, https:\/\/kultur-in-hardegsen.de\/wp-content\/uploads\/2026\/06\/4-300x225.jpg 300w, https:\/\/kultur-in-hardegsen.de\/wp-content\/uploads\/2026\/06\/4-768x576.jpg 768w\" sizes=\"(max-width: 800px) 100vw, 800px\" \/>\t\t\t\t\t\t\t\t\t\t\t\t\t\t\t<\/div>\n\t\t\t\t<\/div>\n\t\t\t\t<\/div>\n\t\t<div class=\"elementor-element elementor-element-fdc5e2b e-con-full e-flex e-con e-child\" data-id=\"fdc5e2b\" data-element_type=\"container\" data-e-type=\"container\" data-settings=\"{&quot;jet_parallax_layout_list&quot;:[]}\">\n\t\t\t\t<div class=\"elementor-element elementor-element-2dacb8a elementor-widget elementor-widget-image\" data-id=\"2dacb8a\" data-element_type=\"widget\" data-e-type=\"widget\" data-widget_type=\"image.default\">\n\t\t\t\t<div class=\"elementor-widget-container\">\n\t\t\t\t\t\t\t\t\t\t\t\t\t\t\t<img loading=\"lazy\" decoding=\"async\" width=\"800\" height=\"600\" src=\"https:\/\/kultur-in-hardegsen.de\/wp-content\/uploads\/2026\/06\/3.jpg\" class=\"attachment-large size-large wp-image-2189\" alt=\"\" srcset=\"https:\/\/kultur-in-hardegsen.de\/wp-content\/uploads\/2026\/06\/3.jpg 826w, https:\/\/kultur-in-hardegsen.de\/wp-content\/uploads\/2026\/06\/3-300x225.jpg 300w, https:\/\/kultur-in-hardegsen.de\/wp-content\/uploads\/2026\/06\/3-768x576.jpg 768w\" sizes=\"(max-width: 800px) 100vw, 800px\" \/>\t\t\t\t\t\t\t\t\t\t\t\t\t\t\t<\/div>\n\t\t\t\t<\/div>\n\t\t\t\t<\/div>\n\t\t\t\t\t<\/div>\n\t\t\t\t<\/div>\n\t\t<div class=\"elementor-element elementor-element-6847a147 e-flex e-con-boxed e-con e-parent\" data-id=\"6847a147\" data-element_type=\"container\" data-e-type=\"container\" data-settings=\"{&quot;jet_parallax_layout_list&quot;:[]}\">\n\t\t\t\t\t<div class=\"e-con-inner\">\n\t\t\t\t<div class=\"elementor-element elementor-element-180f12f elementor-widget elementor-widget-text-editor\" data-id=\"180f12f\" data-element_type=\"widget\" data-e-type=\"widget\" data-widget_type=\"text-editor.default\">\n\t\t\t\t<div class=\"elementor-widget-container\">\n\t\t\t\t\t\t\t\t\t<p><b>Ein kuscheliges und tierisches Vergn\u00fcgen f\u00fcr Kinder von 3-9 Jahren und Erwachsene. Drei kurze Erz\u00e4hlungen mit Figuren, Musik und viel Gef\u00fchl &#8230;<\/b><br \/>Mehrere Tage habe ich im Kindergarten recherchiert, welche Geschichten und Spielformen f\u00fcr diese Altersgruppe stimmig sind. Schlie\u00dflich fiel die Entscheidung auf Kurzgeschichten mit Kuscheltieren, die sich um das Thema Gef\u00fchle drehen. Geschichten und kleine Lieder, die die Verworrenheit mancher Gef\u00fchlszust\u00e4nde aufnehmen und Mut machen. Und dann bekommt man Lust, wieder mit den eigenen Kuscheltieren Geschichten und Abenteuer zu erleben.<\/p>\t\t\t\t\t\t\t\t<\/div>\n\t\t\t\t<\/div>\n\t\t\t\t\t<\/div>\n\t\t\t\t<\/div>\n\t\t\t\t<\/div>\n\t\t","protected":false},"excerpt":{"rendered":"<p>29. Oktober 10:30 Uhr im Muthaussaal Buchfink-Theater &#8222;Hintert\u00fcrgeschichetn&#8220; Kuscheltierische Abenteuer Ach wie oft geraten unsere Gef\u00fchle durcheinander \u2026 mir geht es h\u00e4ufig so. Dann streitet sich der linke Fu\u00df mit dem rechten, mir ist hinten kalt und vorne hei\u00df und mein Kopf ist w\u00fctend w\u00e4hrend der Bauch Angst kriegt &#8230; Dann sperr ich mich immer [&hellip;]<\/p>\n","protected":false},"author":1,"featured_media":0,"comment_status":"open","ping_status":"open","sticky":false,"template":"","format":"standard","meta":{"footnotes":""},"categories":[1],"tags":[],"class_list":["post-2095","post","type-post","status-publish","format-standard","hentry","category-uncategorized"],"_links":{"self":[{"href":"https:\/\/kultur-in-hardegsen.de\/index.php?rest_route=\/wp\/v2\/posts\/2095","targetHints":{"allow":["GET"]}}],"collection":[{"href":"https:\/\/kultur-in-hardegsen.de\/index.php?rest_route=\/wp\/v2\/posts"}],"about":[{"href":"https:\/\/kultur-in-hardegsen.de\/index.php?rest_route=\/wp\/v2\/types\/post"}],"author":[{"embeddable":true,"href":"https:\/\/kultur-in-hardegsen.de\/index.php?rest_route=\/wp\/v2\/users\/1"}],"replies":[{"embeddable":true,"href":"https:\/\/kultur-in-hardegsen.de\/index.php?rest_route=%2Fwp%2Fv2%2Fcomments&post=2095"}],"version-history":[{"count":7,"href":"https:\/\/kultur-in-hardegsen.de\/index.php?rest_route=\/wp\/v2\/posts\/2095\/revisions"}],"predecessor-version":[{"id":2192,"href":"https:\/\/kultur-in-hardegsen.de\/index.php?rest_route=\/wp\/v2\/posts\/2095\/revisions\/2192"}],"wp:attachment":[{"href":"https:\/\/kultur-in-hardegsen.de\/index.php?rest_route=%2Fwp%2Fv2%2Fmedia&parent=2095"}],"wp:term":[{"taxonomy":"category","embeddable":true,"href":"https:\/\/kultur-in-hardegsen.de\/index.php?rest_route=%2Fwp%2Fv2%2Fcategories&post=2095"},{"taxonomy":"post_tag","embeddable":true,"href":"https:\/\/kultur-in-hardegsen.de\/index.php?rest_route=%2Fwp%2Fv2%2Ftags&post=2095"}],"curies":[{"name":"wp","href":"https:\/\/api.w.org\/{rel}","templated":true}]}}