{"id":2197,"date":"2026-09-02T19:05:01","date_gmt":"2026-09-02T17:05:01","guid":{"rendered":"https:\/\/kultur-in-hardegsen.de\/?p=2197"},"modified":"2026-09-02T19:53:39","modified_gmt":"2026-09-02T17:53:39","slug":"literaturherbst","status":"publish","type":"post","link":"https:\/\/kultur-in-hardegsen.de\/?p=2197","title":{"rendered":"Literaturherbst"},"content":{"rendered":"\t\t<div data-elementor-type=\"wp-post\" data-elementor-id=\"2197\" class=\"elementor elementor-2197\" data-elementor-post-type=\"post\">\n\t\t\t\t<div class=\"elementor-element elementor-element-645c1cda e-flex e-con-boxed e-con e-parent\" data-id=\"645c1cda\" data-element_type=\"container\" data-e-type=\"container\" data-settings=\"{&quot;jet_parallax_layout_list&quot;:[]}\">\n\t\t\t\t\t<div class=\"e-con-inner\">\n\t\t<div class=\"elementor-element elementor-element-3adcf191 e-con-full e-flex e-con e-child\" data-id=\"3adcf191\" data-element_type=\"container\" data-e-type=\"container\" data-settings=\"{&quot;jet_parallax_layout_list&quot;:[]}\">\n\t\t\t\t<div class=\"elementor-element elementor-element-69fe21c4 elementor-widget elementor-widget-heading\" data-id=\"69fe21c4\" data-element_type=\"widget\" data-e-type=\"widget\" data-widget_type=\"heading.default\">\n\t\t\t\t<div class=\"elementor-widget-container\">\n\t\t\t\t\t<h2 class=\"elementor-heading-title elementor-size-default\">04. Oktober<br>\n19:00 Uhr<\/h2>\t\t\t\t<\/div>\n\t\t\t\t<\/div>\n\t\t\t\t<div class=\"elementor-element elementor-element-32e30024 elementor-widget elementor-widget-heading\" data-id=\"32e30024\" data-element_type=\"widget\" data-e-type=\"widget\" data-widget_type=\"heading.default\">\n\t\t\t\t<div class=\"elementor-widget-container\">\n\t\t\t\t\t<h2 class=\"elementor-heading-title elementor-size-default\">im Muthaussaal<\/h2>\t\t\t\t<\/div>\n\t\t\t\t<\/div>\n\t\t\t\t<\/div>\n\t\t<div class=\"elementor-element elementor-element-52b5e92e e-con-full e-flex e-con e-child\" data-id=\"52b5e92e\" data-element_type=\"container\" data-e-type=\"container\" data-settings=\"{&quot;jet_parallax_layout_list&quot;:[]}\">\n\t\t\t\t<div class=\"elementor-element elementor-element-206daac4 elementor-widget elementor-widget-heading\" data-id=\"206daac4\" data-element_type=\"widget\" data-e-type=\"widget\" data-widget_type=\"heading.default\">\n\t\t\t\t<div class=\"elementor-widget-container\">\n\t\t\t\t\t<h2 class=\"elementor-heading-title elementor-size-default\">G\u00f6ttinger Literaturherbst<\/h2>\t\t\t\t<\/div>\n\t\t\t\t<\/div>\n\t\t\t\t<div class=\"elementor-element elementor-element-3488aec8 elementor-widget elementor-widget-text-editor\" data-id=\"3488aec8\" data-element_type=\"widget\" data-e-type=\"widget\" data-widget_type=\"text-editor.default\">\n\t\t\t\t<div class=\"elementor-widget-container\">\n\t\t\t\t\t\t\t\t\t<p>Elisa Hovens neuer Roman &#8222;Feine Risse&#8220;<\/p>\t\t\t\t\t\t\t\t<\/div>\n\t\t\t\t<\/div>\n\t\t\t\t<\/div>\n\t\t\t\t\t<\/div>\n\t\t\t\t<\/div>\n\t\t<div class=\"elementor-element elementor-element-23aaacec e-flex e-con-boxed e-con e-parent\" data-id=\"23aaacec\" data-element_type=\"container\" data-e-type=\"container\" data-settings=\"{&quot;jet_parallax_layout_list&quot;:[]}\">\n\t\t\t\t\t<div class=\"e-con-inner\">\n\t\t<div class=\"elementor-element elementor-element-2e277f5f e-con-full e-flex e-con e-child\" data-id=\"2e277f5f\" data-element_type=\"container\" data-e-type=\"container\" data-settings=\"{&quot;jet_parallax_layout_list&quot;:[]}\">\n\t\t\t\t<div class=\"elementor-element elementor-element-6eb58364 elementor-widget elementor-widget-text-editor\" data-id=\"6eb58364\" data-element_type=\"widget\" data-e-type=\"widget\" data-widget_type=\"text-editor.default\">\n\t\t\t\t<div class=\"elementor-widget-container\">\n\t\t\t\t\t\t\t\t\t<p><strong>Kriminalf\u00e4lle auf der Burg Hardeg<\/strong> <br \/>Wenn Recht nicht reicht: Elisa Hoven beleuchtet die moralischen Grauzonen der Juristerei. Auf der Burg Hardeg, wo fr\u00fcher die Raubritter ihr Unwesen trieben, stellt die Strafrechtlerin ihren Roman Feine Risse (S. Fischer 2026) vor und pr\u00e4sentiert neue F\u00e4lle zwischen Recht und Gerechtigkeit, zwischen Schuld und Verschweigen, Wahrheit und L\u00fcge. F\u00fcr Hauptfigur Eva Herbergen ist nach vielen Jahren als Strafverteidigerin klar: Sicherheit ist Illusion \u2013 und ein Urteil bleibt immer nur eine Ann\u00e4herung an die Wahrheit. Gemeinsam mit Verbrechensspezialistin Ursula M\u00e4rz lotet Hoven an diesem besonderen Ort die Zuf\u00e4lligkeiten bei der Entstehung von Straftaten aus.<\/p>\t\t\t\t\t\t\t\t<\/div>\n\t\t\t\t<\/div>\n\t\t\t\t<div class=\"elementor-element elementor-element-1bf9c09d elementor-widget elementor-widget-text-editor\" data-id=\"1bf9c09d\" data-element_type=\"widget\" data-e-type=\"widget\" data-widget_type=\"text-editor.default\">\n\t\t\t\t<div class=\"elementor-widget-container\">\n\t\t\t\t\t\t\t\t\t<p style=\"text-align: right;\"><b>Eintrittspreise:<\/b><br>Eintritt 19,00 \u20ac<br>Erm\u00e4\u00dfigt 16,00 \u20ac<\/p>\t\t\t\t\t\t\t\t<\/div>\n\t\t\t\t<\/div>\n\t\t\t\t<\/div>\n\t\t<div class=\"elementor-element elementor-element-3cc2ece e-con-full e-flex e-con e-child\" data-id=\"3cc2ece\" data-element_type=\"container\" data-e-type=\"container\" data-settings=\"{&quot;jet_parallax_layout_list&quot;:[]}\">\n\t\t\t\t<div class=\"elementor-element elementor-element-2dd250eb elementor-widget elementor-widget-image\" data-id=\"2dd250eb\" data-element_type=\"widget\" data-e-type=\"widget\" data-widget_type=\"image.default\">\n\t\t\t\t<div class=\"elementor-widget-container\">\n\t\t\t\t\t\t\t\t\t\t\t\t\t\t\t<img fetchpriority=\"high\" decoding=\"async\" width=\"723\" height=\"1024\" src=\"https:\/\/kultur-in-hardegsen.de\/wp-content\/uploads\/2026\/09\/2-723x1024.jpg\" class=\"attachment-large size-large wp-image-2199\" alt=\"\" srcset=\"https:\/\/kultur-in-hardegsen.de\/wp-content\/uploads\/2026\/09\/2-723x1024.jpg 723w, https:\/\/kultur-in-hardegsen.de\/wp-content\/uploads\/2026\/09\/2-212x300.jpg 212w, https:\/\/kultur-in-hardegsen.de\/wp-content\/uploads\/2026\/09\/2-768x1088.jpg 768w, https:\/\/kultur-in-hardegsen.de\/wp-content\/uploads\/2026\/09\/2.jpg 834w\" sizes=\"(max-width: 723px) 100vw, 723px\" \/>\t\t\t\t\t\t\t\t\t\t\t\t\t\t\t<\/div>\n\t\t\t\t<\/div>\n\t\t\t\t<\/div>\n\t\t\t\t\t<\/div>\n\t\t\t\t<\/div>\n\t\t\t\t<\/div>\n\t\t","protected":false},"excerpt":{"rendered":"<p>04. Oktober 19:00 Uhr im Muthaussaal G\u00f6ttinger Literaturherbst Elisa Hovens neuer Roman &#8222;Feine Risse&#8220; Kriminalf\u00e4lle auf der Burg Hardeg Wenn Recht nicht reicht: Elisa Hoven beleuchtet die moralischen Grauzonen der Juristerei. Auf der Burg Hardeg, wo fr\u00fcher die Raubritter ihr Unwesen trieben, stellt die Strafrechtlerin ihren Roman Feine Risse (S. Fischer 2026) vor und pr\u00e4sentiert [&hellip;]<\/p>\n","protected":false},"author":1,"featured_media":0,"comment_status":"open","ping_status":"open","sticky":false,"template":"","format":"standard","meta":{"footnotes":""},"categories":[1],"tags":[],"class_list":["post-2197","post","type-post","status-publish","format-standard","hentry","category-uncategorized"],"_links":{"self":[{"href":"https:\/\/kultur-in-hardegsen.de\/index.php?rest_route=\/wp\/v2\/posts\/2197","targetHints":{"allow":["GET"]}}],"collection":[{"href":"https:\/\/kultur-in-hardegsen.de\/index.php?rest_route=\/wp\/v2\/posts"}],"about":[{"href":"https:\/\/kultur-in-hardegsen.de\/index.php?rest_route=\/wp\/v2\/types\/post"}],"author":[{"embeddable":true,"href":"https:\/\/kultur-in-hardegsen.de\/index.php?rest_route=\/wp\/v2\/users\/1"}],"replies":[{"embeddable":true,"href":"https:\/\/kultur-in-hardegsen.de\/index.php?rest_route=%2Fwp%2Fv2%2Fcomments&post=2197"}],"version-history":[{"count":10,"href":"https:\/\/kultur-in-hardegsen.de\/index.php?rest_route=\/wp\/v2\/posts\/2197\/revisions"}],"predecessor-version":[{"id":2225,"href":"https:\/\/kultur-in-hardegsen.de\/index.php?rest_route=\/wp\/v2\/posts\/2197\/revisions\/2225"}],"wp:attachment":[{"href":"https:\/\/kultur-in-hardegsen.de\/index.php?rest_route=%2Fwp%2Fv2%2Fmedia&parent=2197"}],"wp:term":[{"taxonomy":"category","embeddable":true,"href":"https:\/\/kultur-in-hardegsen.de\/index.php?rest_route=%2Fwp%2Fv2%2Fcategories&post=2197"},{"taxonomy":"post_tag","embeddable":true,"href":"https:\/\/kultur-in-hardegsen.de\/index.php?rest_route=%2Fwp%2Fv2%2Ftags&post=2197"}],"curies":[{"name":"wp","href":"https:\/\/api.w.org\/{rel}","templated":true}]}}